{"id":3114,"date":"2025-09-03T15:12:57","date_gmt":"2025-09-03T13:12:57","guid":{"rendered":"https:\/\/cabaretburlesque.com\/?p=3114"},"modified":"2025-09-08T09:46:53","modified_gmt":"2025-09-08T07:46:53","slug":"back-to-scholl","status":"publish","type":"post","link":"https:\/\/cabaretburlesque.com\/index.php\/2025\/09\/03\/back-to-scholl\/","title":{"rendered":"Back to school!"},"content":{"rendered":"<section class=\"wpb-content-wrapper\">[vc_row][vc_column][vc_column_text]\n<h1><span style=\"color: #ee2784;\">Reprise des cours<\/span><\/h1>\n<p>Vous les demandiez r\u00e9guli\u00e8rement, nos cours sont enfin de retour!<br \/>\nApr\u00e8s un confinement et un b\u00e9b\u00e9, Valentina est enfin pr\u00eate \u00e0 reprendre les r\u00eanes de l&#8217;Ecole du Cabaret Burlesque qui pose dor\u00e9navant ses valises en face de la Nouvelle Seine, \u00e0 la <a href=\"https:\/\/www.citedesartsparis.net\/\">Cit\u00e9 Internationale des Arts<\/a>.<\/p>\n<p>Le principe n&#8217;a pas chang\u00e9, chaque intervenante vous proposera des workshops selon leurs sp\u00e9cialit\u00e9s pour vous offrir un panel complet de ce qui se fait de mieux aujourd&#8217;hui dans l&#8217;effeuillage burlesque. Des cours seront propos\u00e9s pour tous les niveaux et r\u00e9guli\u00e8rement mis \u00e0 jour <a href=\"https:\/\/cabaretburlesque.com\/index.php\/lecole\/\">ici<\/a> .<\/p>\n<p>Bonne rentr\u00e9e \u00e0 toutes![\/vc_column_text][\/vc_column][\/vc_row][vc_row][vc_column][vc_single_image image=&#8221;3115&#8243; img_size=&#8221;full&#8221;][\/vc_column][\/vc_row]\n<\/section>","protected":false},"excerpt":{"rendered":"<p>[vc_row][vc_column][vc_column_text] Reprise des cours Vous les demandiez r\u00e9guli\u00e8rement, nos cours sont enfin de retour! Apr\u00e8s un confinement et un b\u00e9b\u00e9, Valentina est enfin pr\u00eate \u00e0 reprendre les r\u00eanes de l&#8217;Ecole du Cabaret Burlesque qui pose dor\u00e9navant ses valises en face de la Nouvelle Seine, \u00e0 la Cit\u00e9 Internationale des Arts. Le principe n&#8217;a pas chang\u00e9, chaque intervenante vous proposera des [&hellip;]<\/p>\n","protected":false},"author":1,"featured_media":3116,"comment_status":"closed","ping_status":"open","sticky":false,"template":"","format":"standard","meta":{"inline_featured_image":false,"footnotes":""},"categories":[1],"tags":[108,110,107,109],"class_list":["post-3114","post","type-post","status-publish","format-standard","has-post-thumbnail","hentry","category-non-classe","tag-burlesque","tag-cite-internationale-des-arts","tag-cours","tag-effeuillage"],"aioseo_notices":[],"_links":{"self":[{"href":"https:\/\/cabaretburlesque.com\/index.php\/wp-json\/wp\/v2\/posts\/3114","targetHints":{"allow":["GET"]}}],"collection":[{"href":"https:\/\/cabaretburlesque.com\/index.php\/wp-json\/wp\/v2\/posts"}],"about":[{"href":"https:\/\/cabaretburlesque.com\/index.php\/wp-json\/wp\/v2\/types\/post"}],"author":[{"embeddable":true,"href":"https:\/\/cabaretburlesque.com\/index.php\/wp-json\/wp\/v2\/users\/1"}],"replies":[{"embeddable":true,"href":"https:\/\/cabaretburlesque.com\/index.php\/wp-json\/wp\/v2\/comments?post=3114"}],"version-history":[{"count":7,"href":"https:\/\/cabaretburlesque.com\/index.php\/wp-json\/wp\/v2\/posts\/3114\/revisions"}],"predecessor-version":[{"id":3126,"href":"https:\/\/cabaretburlesque.com\/index.php\/wp-json\/wp\/v2\/posts\/3114\/revisions\/3126"}],"wp:featuredmedia":[{"embeddable":true,"href":"https:\/\/cabaretburlesque.com\/index.php\/wp-json\/wp\/v2\/media\/3116"}],"wp:attachment":[{"href":"https:\/\/cabaretburlesque.com\/index.php\/wp-json\/wp\/v2\/media?parent=3114"}],"wp:term":[{"taxonomy":"category","embeddable":true,"href":"https:\/\/cabaretburlesque.com\/index.php\/wp-json\/wp\/v2\/categories?post=3114"},{"taxonomy":"post_tag","embeddable":true,"href":"https:\/\/cabaretburlesque.com\/index.php\/wp-json\/wp\/v2\/tags?post=3114"}],"curies":[{"name":"wp","href":"https:\/\/api.w.org\/{rel}","templated":true}]}}