{"id":2541,"date":"2023-05-01T14:26:04","date_gmt":"2023-05-01T12:26:04","guid":{"rendered":"https:\/\/cabaretburlesque.com\/?p=2541"},"modified":"2023-05-19T09:58:57","modified_gmt":"2023-05-19T07:58:57","slug":"les-10-ans-au-bataclan","status":"publish","type":"post","link":"https:\/\/cabaretburlesque.com\/index.php\/2023\/05\/01\/les-10-ans-au-bataclan\/","title":{"rendered":"Les 10 ans au Bataclan"},"content":{"rendered":"\n<p><\/p>\n\n\n\n<figure class=\"wp-block-embed is-type-video is-provider-youtube wp-block-embed-youtube wp-embed-aspect-16-9 wp-has-aspect-ratio\"><div class=\"wp-block-embed__wrapper\">\n<div class=\"epyt-video-wrapper\"><iframe loading=\"lazy\"  id=\"_ytid_72323\"  width=\"660\" height=\"371\"  data-origwidth=\"660\" data-origheight=\"371\" src=\"https:\/\/www.youtube.com\/embed\/Vj6LRKoIxMw?enablejsapi=1&#038;autoplay=0&#038;cc_load_policy=0&#038;cc_lang_pref=&#038;iv_load_policy=1&#038;loop=0&#038;rel=1&#038;fs=1&#038;playsinline=0&#038;autohide=2&#038;theme=dark&#038;color=red&#038;controls=1&#038;\" class=\"__youtube_prefs__  epyt-is-override  no-lazyload\" title=\"YouTube player\"  allow=\"fullscreen; accelerometer; autoplay; clipboard-write; encrypted-media; gyroscope; picture-in-picture\" allowfullscreen data-no-lazy=\"1\" data-skipgform_ajax_framebjll=\"\"><\/iframe><\/div>\n<\/div><\/figure>\n\n\n\n<div class=\"wp-block-columns is-layout-flex wp-container-core-columns-is-layout-9d6595d7 wp-block-columns-is-layout-flex\">\n<div class=\"wp-block-column is-layout-flow wp-block-column-is-layout-flow\">\n<figure class=\"wp-block-image size-large\"><img loading=\"lazy\" decoding=\"async\" width=\"796\" height=\"1024\" src=\"http:\/\/cabaretburlesque.com\/wp-content\/uploads\/2023\/04\/1681415281778-796x1024.jpg\" alt=\"\" class=\"wp-image-2162\" srcset=\"https:\/\/cabaretburlesque.com\/wp-content\/uploads\/2023\/04\/1681415281778-796x1024.jpg 796w, https:\/\/cabaretburlesque.com\/wp-content\/uploads\/2023\/04\/1681415281778-233x300.jpg 233w, https:\/\/cabaretburlesque.com\/wp-content\/uploads\/2023\/04\/1681415281778-768x989.jpg 768w, https:\/\/cabaretburlesque.com\/wp-content\/uploads\/2023\/04\/1681415281778.jpg 1125w\" sizes=\"auto, (max-width: 796px) 100vw, 796px\" \/><\/figure>\n<\/div>\n\n\n\n<div class=\"wp-block-column is-layout-flow wp-block-column-is-layout-flow\">\n<p>Tous les ans pour son anniversaire, Le Cabaret Burlesque investit la sc\u00e8ne d&#8217;un grand th\u00e9\u00e2tre parisien. La f\u00eate a ainsi d\u00e9j\u00e0 eu lieu au th\u00e9\u00e2tre de l&#8217;Oeuvre ou au th\u00e9\u00e2tre Michel.<br>Cette ann\u00e9e, les 27 et 28 Mars, c&#8217;est <a href=\"https:\/\/www.bataclan.fr\/evenement\/le-cabaret-burlesque-les-10-ans_2023-03-28\/\" target=\"_blank\" rel=\"noopener\" title=\"le Bataclan\">le Bataclan<\/a> qui nous invitait \u00e0 f\u00eater nos 10 ans entre ses murs.<br>Pour l&#8217;occasion, nous avons concoct\u00e9 un show \u00e0 l&#8217;image de cette salle embl\u00e9matique : un spectacle libre, audacieux, survolt\u00e9 et r\u00e9solument rock&#8217;n&#8217;roll.<\/p>\n\n\n\n<p>15 artistes se sont produit par soir, 30 performances uniques, 2 soirs de show diff\u00e9rents pour un \u00e9v\u00e9nement qui avait des airs de festival.<\/p>\n\n\n\n<p>Cette f\u00eate a \u00e9t\u00e9 l&#8217;occasion de r\u00e9unir les &#8220;pilliers&#8221; de la troupe, ceux que vous voyez tr\u00e8s r\u00e9guli\u00e8rement sur nos sc\u00e8nes, comme Froufrou d&#8217;Absinthe, Mam&#8217;zelle Plum&#8217;ti, Miss Glitter Painkiller ou Sucre d&#8217;Orge. Mais \u00e9galement les &#8220;anciens&#8221; comme Louise de Ville ou Soa de Muse qu&#8217;il nous tenait \u00e0 coeur de convier pour l&#8217;occasion et \u00e9videmment quelques nouvelles recrues que l&#8217;on adore d\u00e9j\u00e0 comme la Drag-Queen fatale Ella Styx ou Lolita Laze, ma femme hot-dog.<\/p>\n<\/div>\n<\/div>\n\n\n\n<style id=\"bwg-style-0\">    #bwg_container1_0 #bwg_container2_0 .bwg-container-0.bwg-standard-thumbnails {      width: 1254px;              justify-content: center;        margin:0 auto !important;              background-color: rgba(255, 255, 255, 0.00);            padding-left: 4px;      padding-top: 4px;      max-width: 100%;            }        #bwg_container1_0 #bwg_container2_0 .bwg-container-0.bwg-standard-thumbnails .bwg-item {    justify-content: flex-start;      max-width: 250px;          }    #bwg_container1_0 #bwg_container2_0 .bwg-container-0.bwg-standard-thumbnails .bwg-item a {       margin-right: 4px;       margin-bottom: 4px;    }    #bwg_container1_0 #bwg_container2_0 .bwg-container-0.bwg-standard-thumbnails .bwg-item0 {      padding: 0px;            background-color:rgba(0,0,0, 0.30);      border: 0px none #CCCCCC;      opacity: 1.00;      border-radius: 0;      box-shadow: ;    }    #bwg_container1_0 #bwg_container2_0 .bwg-container-0.bwg-standard-thumbnails .bwg-item1 img {      max-height: none;      max-width: none;      padding: 0 !important;    }         @media only screen and (min-width: 480px) {\t\t#bwg_container1_0 #bwg_container2_0 .bwg-container-0.bwg-standard-thumbnails .bwg-item1 img {\t\t\t-webkit-transition: all .3s; transition: all .3s;\t\t}\t\t#bwg_container1_0 #bwg_container2_0 .bwg-container-0.bwg-standard-thumbnails .bwg-item1 img:hover {\t\t\t-ms-transform: scale(1.08);\t\t\t-webkit-transform: scale(1.08);\t\t\ttransform: scale(1.08);\t\t}\t\t      }\t    #bwg_container1_0 #bwg_container2_0 .bwg-container-0.bwg-standard-thumbnails .bwg-item1 {      padding-top: 200%;    }        #bwg_container1_0 #bwg_container2_0 .bwg-container-0.bwg-standard-thumbnails .bwg-title2,    #bwg_container1_0 #bwg_container2_0 .bwg-container-0.bwg-standard-thumbnails .bwg-ecommerce2 {      color: #323A45;      font-family: Ubuntu;      font-size: 16px;      font-weight: bold;      padding: 2px;      text-shadow: ;      max-height: 100%;    }    #bwg_container1_0 #bwg_container2_0 .bwg-container-0.bwg-standard-thumbnails .bwg-thumb-description span {    color: #323A45;    font-family: Ubuntu;    font-size: 12px;    max-height: 100%;    word-wrap: break-word;    }    #bwg_container1_0 #bwg_container2_0 .bwg-container-0.bwg-standard-thumbnails .bwg-play-icon2 {      font-size: 32px;    }    #bwg_container1_0 #bwg_container2_0 .bwg-container-0.bwg-standard-thumbnails .bwg-ecommerce2 {      font-size: 19.2px;      color: #323A45;    }    <\/style>    <div id=\"bwg_container1_0\"         class=\"bwg_container bwg_thumbnail bwg_thumbnails \"         data-right-click-protection=\"0\"         data-bwg=\"0\"         data-scroll=\"0\"         data-gallery-type=\"thumbnails\"         data-gallery-view-type=\"thumbnails\"         data-current-url=\"\/index.php\/wp-json\/wp\/v2\/posts\/2541\"         data-lightbox-url=\"https:\/\/cabaretburlesque.com\/wp-admin\/admin-ajax.php?action=GalleryBox&#038;current_view=0&#038;gallery_id=1&#038;tag=0&#038;theme_id=1&#038;shortcode_id=21&#038;sort_by=order&#038;order_by=asc&#038;current_url=%2Findex.php%2Fwp-json%2Fwp%2Fv2%2Fposts%2F2541\"         data-gallery-id=\"1\"         data-popup-width=\"800\"         data-popup-height=\"500\"         data-is-album=\"gallery\"         data-buttons-position=\"bottom\">      <div id=\"bwg_container2_0\">             <div id=\"ajax_loading_0\" class=\"bwg_loading_div_1\">      <div class=\"bwg_loading_div_2\">        <div class=\"bwg_loading_div_3\">          <div id=\"loading_div_0\" class=\"bwg_spider_ajax_loading\">          <\/div>        <\/div>      <\/div>    <\/div>            <form id=\"gal_front_form_0\"              class=\"bwg-hidden\"              method=\"post\"              action=\"#\"              data-current=\"0\"              data-shortcode-id=\"21\"              data-gallery-type=\"thumbnails\"              data-gallery-id=\"1\"              data-tag=\"0\"              data-album-id=\"0\"              data-theme-id=\"1\"              data-ajax-url=\"https:\/\/cabaretburlesque.com\/wp-admin\/admin-ajax.php?action=bwg_frontend_data\">          <div id=\"bwg_container3_0\" class=\"bwg-background bwg-background-0\">                <div data-max-count=\"5\"         data-thumbnail-width=\"250\"         data-bwg=\"0\"         data-gallery-id=\"1\"         data-lightbox-url=\"https:\/\/cabaretburlesque.com\/wp-admin\/admin-ajax.php?action=GalleryBox&amp;current_view=0&amp;gallery_id=1&amp;tag=0&amp;theme_id=1&amp;shortcode_id=21&amp;sort_by=order&amp;order_by=asc&amp;current_url=%2Findex.php%2Fwp-json%2Fwp%2Fv2%2Fposts%2F2541\"         id=\"bwg_thumbnails_0\"         class=\"bwg-container-0 bwg-thumbnails bwg-standard-thumbnails bwg-container bwg-border-box\">            <div class=\"bwg-item\">        <a class=\"bwg-a  bwg_lightbox\"  data-image-id=\"1\" href=\"https:\/\/cabaretburlesque.com\/wp-content\/uploads\/photo-gallery\/imported_from_media_libray\/Photo_Herve_PHOTOGRAFF_230328214733-ARW.jpg?bwg=1684085346\" data-elementor-open-lightbox=\"no\">                <div class=\"bwg-item0 \">          <div class=\"bwg-item1 \">            <div class=\"bwg-item2\">              <img decoding=\"async\" class=\"skip-lazy bwg_standart_thumb_img_0 \"                   data-id=\"1\"                   data-width=\"500.00\"                   data-height=\"333.00\"                   data-src=\"https:\/\/cabaretburlesque.com\/wp-content\/uploads\/photo-gallery\/imported_from_media_libray\/thumb\/Photo_Herve_PHOTOGRAFF_230328214733-ARW.jpg?bwg=1684085346\"                   src=\"https:\/\/cabaretburlesque.com\/wp-content\/uploads\/photo-gallery\/imported_from_media_libray\/thumb\/Photo_Herve_PHOTOGRAFF_230328214733-ARW.jpg?bwg=1684085346\"                   alt=\"10ans du Cabaret Burlesque au Bataclan\"                   title=\"10ans du Cabaret Burlesque au Bataclan\" \/>            <\/div>            <div class=\"\">                                                      <\/div>          <\/div>        <\/div>                        <\/a>              <\/div>            <div class=\"bwg-item\">        <a class=\"bwg-a  bwg_lightbox\"  data-image-id=\"2\" href=\"https:\/\/cabaretburlesque.com\/wp-content\/uploads\/photo-gallery\/imported_from_media_libray\/Photo_Herve_PHOTOGRAFF_230328214349-ARW-1.jpg?bwg=1684085347\" data-elementor-open-lightbox=\"no\">                <div class=\"bwg-item0 \">          <div class=\"bwg-item1 \">            <div class=\"bwg-item2\">              <img decoding=\"async\" class=\"skip-lazy bwg_standart_thumb_img_0 \"                   data-id=\"2\"                   data-width=\"500.00\"                   data-height=\"333.00\"                   data-src=\"https:\/\/cabaretburlesque.com\/wp-content\/uploads\/photo-gallery\/imported_from_media_libray\/thumb\/Photo_Herve_PHOTOGRAFF_230328214349-ARW-1.jpg?bwg=1684085347\"                   src=\"https:\/\/cabaretburlesque.com\/wp-content\/uploads\/photo-gallery\/imported_from_media_libray\/thumb\/Photo_Herve_PHOTOGRAFF_230328214349-ARW-1.jpg?bwg=1684085347\"                   alt=\"10ans du Cabaret Burlesque au Bataclan\"                   title=\"10ans du Cabaret Burlesque au Bataclan\" \/>            <\/div>            <div class=\"\">                                                      <\/div>          <\/div>        <\/div>                        <\/a>              <\/div>            <div class=\"bwg-item\">        <a class=\"bwg-a  bwg_lightbox\"  data-image-id=\"3\" href=\"https:\/\/cabaretburlesque.com\/wp-content\/uploads\/photo-gallery\/imported_from_media_libray\/Photo_Herve_PHOTOGRAFF_230328213714-ARW.jpg?bwg=1684085347\" data-elementor-open-lightbox=\"no\">                <div class=\"bwg-item0 \">          <div class=\"bwg-item1 \">            <div class=\"bwg-item2\">              <img decoding=\"async\" class=\"skip-lazy bwg_standart_thumb_img_0 \"                   data-id=\"3\"                   data-width=\"500.00\"                   data-height=\"375.00\"                   data-src=\"https:\/\/cabaretburlesque.com\/wp-content\/uploads\/photo-gallery\/imported_from_media_libray\/thumb\/Photo_Herve_PHOTOGRAFF_230328213714-ARW.jpg?bwg=1684085347\"                   src=\"https:\/\/cabaretburlesque.com\/wp-content\/uploads\/photo-gallery\/imported_from_media_libray\/thumb\/Photo_Herve_PHOTOGRAFF_230328213714-ARW.jpg?bwg=1684085347\"                   alt=\"10ans du Cabaret Burlesque au Bataclan\"                   title=\"10ans du Cabaret Burlesque au Bataclan\" \/>            <\/div>            <div class=\"\">                                                      <\/div>          <\/div>        <\/div>                        <\/a>              <\/div>            <div class=\"bwg-item\">        <a class=\"bwg-a  bwg_lightbox\"  data-image-id=\"4\" href=\"https:\/\/cabaretburlesque.com\/wp-content\/uploads\/photo-gallery\/imported_from_media_libray\/Photo_Herve_PHOTOGRAFF_230328213111-4-ARW.jpg?bwg=1684085347\" data-elementor-open-lightbox=\"no\">                <div class=\"bwg-item0 \">          <div class=\"bwg-item1 \">            <div class=\"bwg-item2\">              <img decoding=\"async\" class=\"skip-lazy bwg_standart_thumb_img_0 \"                   data-id=\"4\"                   data-width=\"500.00\"                   data-height=\"500.00\"                   data-src=\"https:\/\/cabaretburlesque.com\/wp-content\/uploads\/photo-gallery\/imported_from_media_libray\/thumb\/Photo_Herve_PHOTOGRAFF_230328213111-4-ARW.jpg?bwg=1684085347\"                   src=\"https:\/\/cabaretburlesque.com\/wp-content\/uploads\/photo-gallery\/imported_from_media_libray\/thumb\/Photo_Herve_PHOTOGRAFF_230328213111-4-ARW.jpg?bwg=1684085347\"                   alt=\"10ans du Cabaret Burlesque au Bataclan\"                   title=\"10ans du Cabaret Burlesque au Bataclan\" \/>            <\/div>            <div class=\"\">                                                      <\/div>          <\/div>        <\/div>                        <\/a>              <\/div>            <div class=\"bwg-item\">        <a class=\"bwg-a  bwg_lightbox\"  data-image-id=\"5\" href=\"https:\/\/cabaretburlesque.com\/wp-content\/uploads\/photo-gallery\/imported_from_media_libray\/Photo_Herve_PHOTOGRAFF_230328212834-ARW.jpg?bwg=1684085347\" data-elementor-open-lightbox=\"no\">                <div class=\"bwg-item0 \">          <div class=\"bwg-item1 \">            <div class=\"bwg-item2\">              <img decoding=\"async\" class=\"skip-lazy bwg_standart_thumb_img_0 \"                   data-id=\"5\"                   data-width=\"375.00\"                   data-height=\"500.00\"                   data-src=\"https:\/\/cabaretburlesque.com\/wp-content\/uploads\/photo-gallery\/imported_from_media_libray\/thumb\/Photo_Herve_PHOTOGRAFF_230328212834-ARW.jpg?bwg=1684085347\"                   src=\"https:\/\/cabaretburlesque.com\/wp-content\/uploads\/photo-gallery\/imported_from_media_libray\/thumb\/Photo_Herve_PHOTOGRAFF_230328212834-ARW.jpg?bwg=1684085347\"                   alt=\"10ans du Cabaret Burlesque au Bataclan\"                   title=\"10ans du Cabaret Burlesque au Bataclan\" \/>            <\/div>            <div class=\"\">                                                      <\/div>          <\/div>        <\/div>                        <\/a>              <\/div>            <div class=\"bwg-item\">        <a class=\"bwg-a  bwg_lightbox\"  data-image-id=\"6\" href=\"https:\/\/cabaretburlesque.com\/wp-content\/uploads\/photo-gallery\/imported_from_media_libray\/Photo_Herve_PHOTOGRAFF_230328212101-2-ARW.jpg?bwg=1684085347\" data-elementor-open-lightbox=\"no\">                <div class=\"bwg-item0 \">          <div class=\"bwg-item1 \">            <div class=\"bwg-item2\">              <img decoding=\"async\" class=\"skip-lazy bwg_standart_thumb_img_0 \"                   data-id=\"6\"                   data-width=\"375.00\"                   data-height=\"500.00\"                   data-src=\"https:\/\/cabaretburlesque.com\/wp-content\/uploads\/photo-gallery\/imported_from_media_libray\/thumb\/Photo_Herve_PHOTOGRAFF_230328212101-2-ARW.jpg?bwg=1684085347\"                   src=\"https:\/\/cabaretburlesque.com\/wp-content\/uploads\/photo-gallery\/imported_from_media_libray\/thumb\/Photo_Herve_PHOTOGRAFF_230328212101-2-ARW.jpg?bwg=1684085347\"                   alt=\"10ans du Cabaret Burlesque au Bataclan\"                   title=\"10ans du Cabaret Burlesque au Bataclan\" \/>            <\/div>            <div class=\"\">                                                      <\/div>          <\/div>        <\/div>                        <\/a>              <\/div>            <div class=\"bwg-item\">        <a class=\"bwg-a  bwg_lightbox\"  data-image-id=\"7\" href=\"https:\/\/cabaretburlesque.com\/wp-content\/uploads\/photo-gallery\/imported_from_media_libray\/Photo_Herve_PHOTOGRAFF_230328211852-ARW.jpg?bwg=1684085347\" data-elementor-open-lightbox=\"no\">                <div class=\"bwg-item0 \">          <div class=\"bwg-item1 \">            <div class=\"bwg-item2\">              <img decoding=\"async\" class=\"skip-lazy bwg_standart_thumb_img_0 \"                   data-id=\"7\"                   data-width=\"375.00\"                   data-height=\"500.00\"                   data-src=\"https:\/\/cabaretburlesque.com\/wp-content\/uploads\/photo-gallery\/imported_from_media_libray\/thumb\/Photo_Herve_PHOTOGRAFF_230328211852-ARW.jpg?bwg=1684085347\"                   src=\"https:\/\/cabaretburlesque.com\/wp-content\/uploads\/photo-gallery\/imported_from_media_libray\/thumb\/Photo_Herve_PHOTOGRAFF_230328211852-ARW.jpg?bwg=1684085347\"                   alt=\"10ans du Cabaret Burlesque au Bataclan\"                   title=\"10ans du Cabaret Burlesque au Bataclan\" \/>            <\/div>            <div class=\"\">                                                      <\/div>          <\/div>        <\/div>                        <\/a>              <\/div>            <div class=\"bwg-item\">        <a class=\"bwg-a  bwg_lightbox\"  data-image-id=\"8\" href=\"https:\/\/cabaretburlesque.com\/wp-content\/uploads\/photo-gallery\/imported_from_media_libray\/Photo_Herve_PHOTOGRAFF_230328211603-ARW.jpg?bwg=1684085347\" data-elementor-open-lightbox=\"no\">                <div class=\"bwg-item0 \">          <div class=\"bwg-item1 \">            <div class=\"bwg-item2\">              <img decoding=\"async\" class=\"skip-lazy bwg_standart_thumb_img_0 \"                   data-id=\"8\"                   data-width=\"500.00\"                   data-height=\"500.00\"                   data-src=\"https:\/\/cabaretburlesque.com\/wp-content\/uploads\/photo-gallery\/imported_from_media_libray\/thumb\/Photo_Herve_PHOTOGRAFF_230328211603-ARW.jpg?bwg=1684085347\"                   src=\"https:\/\/cabaretburlesque.com\/wp-content\/uploads\/photo-gallery\/imported_from_media_libray\/thumb\/Photo_Herve_PHOTOGRAFF_230328211603-ARW.jpg?bwg=1684085347\"                   alt=\"10ans du Cabaret Burlesque au Bataclan\"                   title=\"10ans du Cabaret Burlesque au Bataclan\" \/>            <\/div>            <div class=\"\">                                                      <\/div>          <\/div>        <\/div>                        <\/a>              <\/div>            <div class=\"bwg-item\">        <a class=\"bwg-a  bwg_lightbox\"  data-image-id=\"9\" href=\"https:\/\/cabaretburlesque.com\/wp-content\/uploads\/photo-gallery\/imported_from_media_libray\/Photo_Herve_PHOTOGRAFF_230328210953-ARW.jpg?bwg=1684085347\" data-elementor-open-lightbox=\"no\">                <div class=\"bwg-item0 \">          <div class=\"bwg-item1 \">            <div class=\"bwg-item2\">              <img decoding=\"async\" class=\"skip-lazy bwg_standart_thumb_img_0 \"                   data-id=\"9\"                   data-width=\"500.00\"                   data-height=\"500.00\"                   data-src=\"https:\/\/cabaretburlesque.com\/wp-content\/uploads\/photo-gallery\/imported_from_media_libray\/thumb\/Photo_Herve_PHOTOGRAFF_230328210953-ARW.jpg?bwg=1684085347\"                   src=\"https:\/\/cabaretburlesque.com\/wp-content\/uploads\/photo-gallery\/imported_from_media_libray\/thumb\/Photo_Herve_PHOTOGRAFF_230328210953-ARW.jpg?bwg=1684085347\"                   alt=\"10ans du Cabaret Burlesque au Bataclan\"                   title=\"10ans du Cabaret Burlesque au Bataclan\" \/>            <\/div>            <div class=\"\">                                                      <\/div>          <\/div>        <\/div>                        <\/a>              <\/div>            <div class=\"bwg-item\">        <a class=\"bwg-a  bwg_lightbox\"  data-image-id=\"10\" href=\"https:\/\/cabaretburlesque.com\/wp-content\/uploads\/photo-gallery\/imported_from_media_libray\/Photo_Herve_PHOTOGRAFF_230328210119-ARW.jpg?bwg=1684085347\" data-elementor-open-lightbox=\"no\">                <div class=\"bwg-item0 \">          <div class=\"bwg-item1 \">            <div class=\"bwg-item2\">              <img decoding=\"async\" class=\"skip-lazy bwg_standart_thumb_img_0 \"                   data-id=\"10\"                   data-width=\"375.00\"                   data-height=\"500.00\"                   data-src=\"https:\/\/cabaretburlesque.com\/wp-content\/uploads\/photo-gallery\/imported_from_media_libray\/thumb\/Photo_Herve_PHOTOGRAFF_230328210119-ARW.jpg?bwg=1684085347\"                   src=\"https:\/\/cabaretburlesque.com\/wp-content\/uploads\/photo-gallery\/imported_from_media_libray\/thumb\/Photo_Herve_PHOTOGRAFF_230328210119-ARW.jpg?bwg=1684085347\"                   alt=\"10ans du Cabaret Burlesque au Bataclan\"                   title=\"10ans du Cabaret Burlesque au Bataclan\" \/>            <\/div>            <div class=\"\">                                                      <\/div>          <\/div>        <\/div>                        <\/a>              <\/div>            <div class=\"bwg-item\">        <a class=\"bwg-a  bwg_lightbox\"  data-image-id=\"11\" href=\"https:\/\/cabaretburlesque.com\/wp-content\/uploads\/photo-gallery\/imported_from_media_libray\/Photo_Herve_PHOTOGRAFF_230328205216.jpg?bwg=1684085347\" data-elementor-open-lightbox=\"no\">                <div class=\"bwg-item0 \">          <div class=\"bwg-item1 \">            <div class=\"bwg-item2\">              <img decoding=\"async\" class=\"skip-lazy bwg_standart_thumb_img_0 \"                   data-id=\"11\"                   data-width=\"375.00\"                   data-height=\"500.00\"                   data-src=\"https:\/\/cabaretburlesque.com\/wp-content\/uploads\/photo-gallery\/imported_from_media_libray\/thumb\/Photo_Herve_PHOTOGRAFF_230328205216.jpg?bwg=1684085347\"                   src=\"https:\/\/cabaretburlesque.com\/wp-content\/uploads\/photo-gallery\/imported_from_media_libray\/thumb\/Photo_Herve_PHOTOGRAFF_230328205216.jpg?bwg=1684085347\"                   alt=\"10ans du Cabaret Burlesque au Bataclan\"                   title=\"10ans du Cabaret Burlesque au Bataclan\" \/>            <\/div>            <div class=\"\">                                                      <\/div>          <\/div>        <\/div>                        <\/a>              <\/div>            <div class=\"bwg-item\">        <a class=\"bwg-a  bwg_lightbox\"  data-image-id=\"12\" href=\"https:\/\/cabaretburlesque.com\/wp-content\/uploads\/photo-gallery\/imported_from_media_libray\/Photo_Herve_PHOTOGRAFF_230328204429-2.jpg?bwg=1684085347\" data-elementor-open-lightbox=\"no\">                <div class=\"bwg-item0 \">          <div class=\"bwg-item1 \">            <div class=\"bwg-item2\">              <img decoding=\"async\" class=\"skip-lazy bwg_standart_thumb_img_0 \"                   data-id=\"12\"                   data-width=\"500.00\"                   data-height=\"500.00\"                   data-src=\"https:\/\/cabaretburlesque.com\/wp-content\/uploads\/photo-gallery\/imported_from_media_libray\/thumb\/Photo_Herve_PHOTOGRAFF_230328204429-2.jpg?bwg=1684085347\"                   src=\"https:\/\/cabaretburlesque.com\/wp-content\/uploads\/photo-gallery\/imported_from_media_libray\/thumb\/Photo_Herve_PHOTOGRAFF_230328204429-2.jpg?bwg=1684085347\"                   alt=\"10ans du Cabaret Burlesque au Bataclan\"                   title=\"10ans du Cabaret Burlesque au Bataclan\" \/>            <\/div>            <div class=\"\">                                                      <\/div>          <\/div>        <\/div>                        <\/a>              <\/div>            <div class=\"bwg-item\">        <a class=\"bwg-a  bwg_lightbox\"  data-image-id=\"13\" href=\"https:\/\/cabaretburlesque.com\/wp-content\/uploads\/photo-gallery\/imported_from_media_libray\/Photo_Herve_PHOTOGRAFF_230328204002-2.jpg?bwg=1684085347\" data-elementor-open-lightbox=\"no\">                <div class=\"bwg-item0 \">          <div class=\"bwg-item1 \">            <div class=\"bwg-item2\">              <img decoding=\"async\" class=\"skip-lazy bwg_standart_thumb_img_0 \"                   data-id=\"13\"                   data-width=\"500.00\"                   data-height=\"333.00\"                   data-src=\"https:\/\/cabaretburlesque.com\/wp-content\/uploads\/photo-gallery\/imported_from_media_libray\/thumb\/Photo_Herve_PHOTOGRAFF_230328204002-2.jpg?bwg=1684085347\"                   src=\"https:\/\/cabaretburlesque.com\/wp-content\/uploads\/photo-gallery\/imported_from_media_libray\/thumb\/Photo_Herve_PHOTOGRAFF_230328204002-2.jpg?bwg=1684085347\"                   alt=\"10ans du Cabaret Burlesque au Bataclan\"                   title=\"10ans du Cabaret Burlesque au Bataclan\" \/>            <\/div>            <div class=\"\">                                                      <\/div>          <\/div>        <\/div>                        <\/a>              <\/div>            <div class=\"bwg-item\">        <a class=\"bwg-a  bwg_lightbox\"  data-image-id=\"14\" href=\"https:\/\/cabaretburlesque.com\/wp-content\/uploads\/photo-gallery\/imported_from_media_libray\/Photo_Herve_PHOTOGRAFF_230328200917-2.jpg?bwg=1684085347\" data-elementor-open-lightbox=\"no\">                <div class=\"bwg-item0 \">          <div class=\"bwg-item1 \">            <div class=\"bwg-item2\">              <img decoding=\"async\" class=\"skip-lazy bwg_standart_thumb_img_0 \"                   data-id=\"14\"                   data-width=\"375.00\"                   data-height=\"500.00\"                   data-src=\"https:\/\/cabaretburlesque.com\/wp-content\/uploads\/photo-gallery\/imported_from_media_libray\/thumb\/Photo_Herve_PHOTOGRAFF_230328200917-2.jpg?bwg=1684085347\"                   src=\"https:\/\/cabaretburlesque.com\/wp-content\/uploads\/photo-gallery\/imported_from_media_libray\/thumb\/Photo_Herve_PHOTOGRAFF_230328200917-2.jpg?bwg=1684085347\"                   alt=\"10ans du Cabaret Burlesque au Bataclan\"                   title=\"10ans du Cabaret Burlesque au Bataclan\" \/>            <\/div>            <div class=\"\">                                                      <\/div>          <\/div>        <\/div>                        <\/a>              <\/div>            <div class=\"bwg-item\">        <a class=\"bwg-a  bwg_lightbox\"  data-image-id=\"15\" href=\"https:\/\/cabaretburlesque.com\/wp-content\/uploads\/photo-gallery\/imported_from_media_libray\/Photo_Herve_PHOTOGRAFF_230328200014-3.jpg?bwg=1684085347\" data-elementor-open-lightbox=\"no\">                <div class=\"bwg-item0 \">          <div class=\"bwg-item1 \">            <div class=\"bwg-item2\">              <img decoding=\"async\" class=\"skip-lazy bwg_standart_thumb_img_0 \"                   data-id=\"15\"                   data-width=\"500.00\"                   data-height=\"500.00\"                   data-src=\"https:\/\/cabaretburlesque.com\/wp-content\/uploads\/photo-gallery\/imported_from_media_libray\/thumb\/Photo_Herve_PHOTOGRAFF_230328200014-3.jpg?bwg=1684085347\"                   src=\"https:\/\/cabaretburlesque.com\/wp-content\/uploads\/photo-gallery\/imported_from_media_libray\/thumb\/Photo_Herve_PHOTOGRAFF_230328200014-3.jpg?bwg=1684085347\"                   alt=\"10ans du Cabaret Burlesque au Bataclan\"                   title=\"10ans du Cabaret Burlesque au Bataclan\" \/>            <\/div>            <div class=\"\">                                                      <\/div>          <\/div>        <\/div>                        <\/a>              <\/div>            <div class=\"bwg-item\">        <a class=\"bwg-a  bwg_lightbox\"  data-image-id=\"16\" href=\"https:\/\/cabaretburlesque.com\/wp-content\/uploads\/photo-gallery\/imported_from_media_libray\/Photo_Herve_PHOTOGRAFF_230328195316-2.jpg?bwg=1684085347\" data-elementor-open-lightbox=\"no\">                <div class=\"bwg-item0 \">          <div class=\"bwg-item1 \">            <div class=\"bwg-item2\">              <img decoding=\"async\" class=\"skip-lazy bwg_standart_thumb_img_0 \"                   data-id=\"16\"                   data-width=\"500.00\"                   data-height=\"500.00\"                   data-src=\"https:\/\/cabaretburlesque.com\/wp-content\/uploads\/photo-gallery\/imported_from_media_libray\/thumb\/Photo_Herve_PHOTOGRAFF_230328195316-2.jpg?bwg=1684085347\"                   src=\"https:\/\/cabaretburlesque.com\/wp-content\/uploads\/photo-gallery\/imported_from_media_libray\/thumb\/Photo_Herve_PHOTOGRAFF_230328195316-2.jpg?bwg=1684085347\"                   alt=\"10ans du Cabaret Burlesque au Bataclan\"                   title=\"10ans du Cabaret Burlesque au Bataclan\" \/>            <\/div>            <div class=\"\">                                                      <\/div>          <\/div>        <\/div>                        <\/a>              <\/div>            <div class=\"bwg-item\">        <a class=\"bwg-a  bwg_lightbox\"  data-image-id=\"17\" href=\"https:\/\/cabaretburlesque.com\/wp-content\/uploads\/photo-gallery\/imported_from_media_libray\/Photo_Herve_PHOTOGRAFF_230328194743-2.jpg?bwg=1684085347\" data-elementor-open-lightbox=\"no\">                <div class=\"bwg-item0 \">          <div class=\"bwg-item1 \">            <div class=\"bwg-item2\">              <img decoding=\"async\" class=\"skip-lazy bwg_standart_thumb_img_0 \"                   data-id=\"17\"                   data-width=\"375.00\"                   data-height=\"500.00\"                   data-src=\"https:\/\/cabaretburlesque.com\/wp-content\/uploads\/photo-gallery\/imported_from_media_libray\/thumb\/Photo_Herve_PHOTOGRAFF_230328194743-2.jpg?bwg=1684085347\"                   src=\"https:\/\/cabaretburlesque.com\/wp-content\/uploads\/photo-gallery\/imported_from_media_libray\/thumb\/Photo_Herve_PHOTOGRAFF_230328194743-2.jpg?bwg=1684085347\"                   alt=\"10ans du Cabaret Burlesque au Bataclan\"                   title=\"10ans du Cabaret Burlesque au Bataclan\" \/>            <\/div>            <div class=\"\">                                                      <\/div>          <\/div>        <\/div>                        <\/a>              <\/div>            <div class=\"bwg-item\">        <a class=\"bwg-a  bwg_lightbox\"  data-image-id=\"18\" href=\"https:\/\/cabaretburlesque.com\/wp-content\/uploads\/photo-gallery\/imported_from_media_libray\/Photo_Herve_PHOTOGRAFF_230328194245.jpg?bwg=1684085348\" data-elementor-open-lightbox=\"no\">                <div class=\"bwg-item0 \">          <div class=\"bwg-item1 \">            <div class=\"bwg-item2\">              <img decoding=\"async\" class=\"skip-lazy bwg_standart_thumb_img_0 \"                   data-id=\"18\"                   data-width=\"500.00\"                   data-height=\"333.00\"                   data-src=\"https:\/\/cabaretburlesque.com\/wp-content\/uploads\/photo-gallery\/imported_from_media_libray\/thumb\/Photo_Herve_PHOTOGRAFF_230328194245.jpg?bwg=1684085348\"                   src=\"https:\/\/cabaretburlesque.com\/wp-content\/uploads\/photo-gallery\/imported_from_media_libray\/thumb\/Photo_Herve_PHOTOGRAFF_230328194245.jpg?bwg=1684085348\"                   alt=\"10ans du Cabaret Burlesque au Bataclan\"                   title=\"10ans du Cabaret Burlesque au Bataclan\" \/>            <\/div>            <div class=\"\">                                                      <\/div>          <\/div>        <\/div>                        <\/a>              <\/div>            <div class=\"bwg-item\">        <a class=\"bwg-a  bwg_lightbox\"  data-image-id=\"19\" href=\"https:\/\/cabaretburlesque.com\/wp-content\/uploads\/photo-gallery\/imported_from_media_libray\/Photo_Herve_PHOTOGRAFF_230328193819-3.jpg?bwg=1684085348\" data-elementor-open-lightbox=\"no\">                <div class=\"bwg-item0 \">          <div class=\"bwg-item1 \">            <div class=\"bwg-item2\">              <img decoding=\"async\" class=\"skip-lazy bwg_standart_thumb_img_0 \"                   data-id=\"19\"                   data-width=\"375.00\"                   data-height=\"500.00\"                   data-src=\"https:\/\/cabaretburlesque.com\/wp-content\/uploads\/photo-gallery\/imported_from_media_libray\/thumb\/Photo_Herve_PHOTOGRAFF_230328193819-3.jpg?bwg=1684085348\"                   src=\"https:\/\/cabaretburlesque.com\/wp-content\/uploads\/photo-gallery\/imported_from_media_libray\/thumb\/Photo_Herve_PHOTOGRAFF_230328193819-3.jpg?bwg=1684085348\"                   alt=\"10ans du Cabaret Burlesque au Bataclan\"                   title=\"10ans du Cabaret Burlesque au Bataclan\" \/>            <\/div>            <div class=\"\">                                                      <\/div>          <\/div>        <\/div>                        <\/a>              <\/div>            <div class=\"bwg-item\">        <a class=\"bwg-a  bwg_lightbox\"  data-image-id=\"20\" href=\"https:\/\/cabaretburlesque.com\/wp-content\/uploads\/photo-gallery\/imported_from_media_libray\/Photo_Herve_PHOTOGRAFF_230328193359.jpg?bwg=1684085348\" data-elementor-open-lightbox=\"no\">                <div class=\"bwg-item0 \">          <div class=\"bwg-item1 \">            <div class=\"bwg-item2\">              <img decoding=\"async\" class=\"skip-lazy bwg_standart_thumb_img_0 \"                   data-id=\"20\"                   data-width=\"500.00\"                   data-height=\"500.00\"                   data-src=\"https:\/\/cabaretburlesque.com\/wp-content\/uploads\/photo-gallery\/imported_from_media_libray\/thumb\/Photo_Herve_PHOTOGRAFF_230328193359.jpg?bwg=1684085348\"                   src=\"https:\/\/cabaretburlesque.com\/wp-content\/uploads\/photo-gallery\/imported_from_media_libray\/thumb\/Photo_Herve_PHOTOGRAFF_230328193359.jpg?bwg=1684085348\"                   alt=\"10ans du Cabaret Burlesque au Bataclan\"                   title=\"10ans du Cabaret Burlesque au Bataclan\" \/>            <\/div>            <div class=\"\">                                                      <\/div>          <\/div>        <\/div>                        <\/a>              <\/div>            <div class=\"bwg-item\">        <a class=\"bwg-a  bwg_lightbox\"  data-image-id=\"21\" href=\"https:\/\/cabaretburlesque.com\/wp-content\/uploads\/photo-gallery\/imported_from_media_libray\/Photo_Herve_PHOTOGRAFF_230328192948.jpg?bwg=1684085348\" data-elementor-open-lightbox=\"no\">                <div class=\"bwg-item0 \">          <div class=\"bwg-item1 \">            <div class=\"bwg-item2\">              <img decoding=\"async\" class=\"skip-lazy bwg_standart_thumb_img_0 \"                   data-id=\"21\"                   data-width=\"500.00\"                   data-height=\"500.00\"                   data-src=\"https:\/\/cabaretburlesque.com\/wp-content\/uploads\/photo-gallery\/imported_from_media_libray\/thumb\/Photo_Herve_PHOTOGRAFF_230328192948.jpg?bwg=1684085348\"                   src=\"https:\/\/cabaretburlesque.com\/wp-content\/uploads\/photo-gallery\/imported_from_media_libray\/thumb\/Photo_Herve_PHOTOGRAFF_230328192948.jpg?bwg=1684085348\"                   alt=\"10ans du Cabaret Burlesque au Bataclan\"                   title=\"10ans du Cabaret Burlesque au Bataclan\" \/>            <\/div>            <div class=\"\">                                                      <\/div>          <\/div>        <\/div>                        <\/a>              <\/div>            <div class=\"bwg-item\">        <a class=\"bwg-a  bwg_lightbox\"  data-image-id=\"22\" href=\"https:\/\/cabaretburlesque.com\/wp-content\/uploads\/photo-gallery\/imported_from_media_libray\/Photo_Herve_PHOTOGRAFF_230328192345-2.jpg?bwg=1684085348\" data-elementor-open-lightbox=\"no\">                <div class=\"bwg-item0 \">          <div class=\"bwg-item1 \">            <div class=\"bwg-item2\">              <img decoding=\"async\" class=\"skip-lazy bwg_standart_thumb_img_0 \"                   data-id=\"22\"                   data-width=\"375.00\"                   data-height=\"500.00\"                   data-src=\"https:\/\/cabaretburlesque.com\/wp-content\/uploads\/photo-gallery\/imported_from_media_libray\/thumb\/Photo_Herve_PHOTOGRAFF_230328192345-2.jpg?bwg=1684085348\"                   src=\"https:\/\/cabaretburlesque.com\/wp-content\/uploads\/photo-gallery\/imported_from_media_libray\/thumb\/Photo_Herve_PHOTOGRAFF_230328192345-2.jpg?bwg=1684085348\"                   alt=\"10ans du Cabaret Burlesque au Bataclan\"                   title=\"10ans du Cabaret Burlesque au Bataclan\" \/>            <\/div>            <div class=\"\">                                                      <\/div>          <\/div>        <\/div>                        <\/a>              <\/div>            <div class=\"bwg-item\">        <a class=\"bwg-a  bwg_lightbox\"  data-image-id=\"23\" href=\"https:\/\/cabaretburlesque.com\/wp-content\/uploads\/photo-gallery\/imported_from_media_libray\/Photo_Herve_PHOTOGRAFF_230328191545-3.jpg?bwg=1684085348\" data-elementor-open-lightbox=\"no\">                <div class=\"bwg-item0 \">          <div class=\"bwg-item1 \">            <div class=\"bwg-item2\">              <img decoding=\"async\" class=\"skip-lazy bwg_standart_thumb_img_0 \"                   data-id=\"23\"                   data-width=\"375.00\"                   data-height=\"500.00\"                   data-src=\"https:\/\/cabaretburlesque.com\/wp-content\/uploads\/photo-gallery\/imported_from_media_libray\/thumb\/Photo_Herve_PHOTOGRAFF_230328191545-3.jpg?bwg=1684085348\"                   src=\"https:\/\/cabaretburlesque.com\/wp-content\/uploads\/photo-gallery\/imported_from_media_libray\/thumb\/Photo_Herve_PHOTOGRAFF_230328191545-3.jpg?bwg=1684085348\"                   alt=\"10ans du Cabaret Burlesque au Bataclan\"                   title=\"10ans du Cabaret Burlesque au Bataclan\" \/>            <\/div>            <div class=\"\">                                                      <\/div>          <\/div>        <\/div>                        <\/a>              <\/div>            <div class=\"bwg-item\">        <a class=\"bwg-a  bwg_lightbox\"  data-image-id=\"24\" href=\"https:\/\/cabaretburlesque.com\/wp-content\/uploads\/photo-gallery\/imported_from_media_libray\/Photo_Herve_PHOTOGRAFF_230327212725.jpg?bwg=1684085348\" data-elementor-open-lightbox=\"no\">                <div class=\"bwg-item0 \">          <div class=\"bwg-item1 \">            <div class=\"bwg-item2\">              <img decoding=\"async\" class=\"skip-lazy bwg_standart_thumb_img_0 \"                   data-id=\"24\"                   data-width=\"500.00\"                   data-height=\"333.00\"                   data-src=\"https:\/\/cabaretburlesque.com\/wp-content\/uploads\/photo-gallery\/imported_from_media_libray\/thumb\/Photo_Herve_PHOTOGRAFF_230327212725.jpg?bwg=1684085348\"                   src=\"https:\/\/cabaretburlesque.com\/wp-content\/uploads\/photo-gallery\/imported_from_media_libray\/thumb\/Photo_Herve_PHOTOGRAFF_230327212725.jpg?bwg=1684085348\"                   alt=\"10ans du Cabaret Burlesque au Bataclan\"                   title=\"10ans du Cabaret Burlesque au Bataclan\" \/>            <\/div>            <div class=\"\">                                                      <\/div>          <\/div>        <\/div>                        <\/a>              <\/div>            <div class=\"bwg-item\">        <a class=\"bwg-a  bwg_lightbox\"  data-image-id=\"25\" href=\"https:\/\/cabaretburlesque.com\/wp-content\/uploads\/photo-gallery\/imported_from_media_libray\/Photo_Herve_PHOTOGRAFF_230327212532-2.jpg?bwg=1684085348\" data-elementor-open-lightbox=\"no\">                <div class=\"bwg-item0 \">          <div class=\"bwg-item1 \">            <div class=\"bwg-item2\">              <img decoding=\"async\" class=\"skip-lazy bwg_standart_thumb_img_0 \"                   data-id=\"25\"                   data-width=\"500.00\"                   data-height=\"281.00\"                   data-src=\"https:\/\/cabaretburlesque.com\/wp-content\/uploads\/photo-gallery\/imported_from_media_libray\/thumb\/Photo_Herve_PHOTOGRAFF_230327212532-2.jpg?bwg=1684085348\"                   src=\"https:\/\/cabaretburlesque.com\/wp-content\/uploads\/photo-gallery\/imported_from_media_libray\/thumb\/Photo_Herve_PHOTOGRAFF_230327212532-2.jpg?bwg=1684085348\"                   alt=\"10ans du Cabaret Burlesque au Bataclan\"                   title=\"10ans du Cabaret Burlesque au Bataclan\" \/>            <\/div>            <div class=\"\">                                                      <\/div>          <\/div>        <\/div>                        <\/a>              <\/div>            <div class=\"bwg-item\">        <a class=\"bwg-a  bwg_lightbox\"  data-image-id=\"26\" href=\"https:\/\/cabaretburlesque.com\/wp-content\/uploads\/photo-gallery\/imported_from_media_libray\/Photo_Herve_PHOTOGRAFF_230327211948.jpg?bwg=1684085348\" data-elementor-open-lightbox=\"no\">                <div class=\"bwg-item0 \">          <div class=\"bwg-item1 \">            <div class=\"bwg-item2\">              <img decoding=\"async\" class=\"skip-lazy bwg_standart_thumb_img_0 \"                   data-id=\"26\"                   data-width=\"500.00\"                   data-height=\"500.00\"                   data-src=\"https:\/\/cabaretburlesque.com\/wp-content\/uploads\/photo-gallery\/imported_from_media_libray\/thumb\/Photo_Herve_PHOTOGRAFF_230327211948.jpg?bwg=1684085348\"                   src=\"https:\/\/cabaretburlesque.com\/wp-content\/uploads\/photo-gallery\/imported_from_media_libray\/thumb\/Photo_Herve_PHOTOGRAFF_230327211948.jpg?bwg=1684085348\"                   alt=\"10ans du Cabaret Burlesque au Bataclan\"                   title=\"10ans du Cabaret Burlesque au Bataclan\" \/>            <\/div>            <div class=\"\">                                                      <\/div>          <\/div>        <\/div>                        <\/a>              <\/div>            <div class=\"bwg-item\">        <a class=\"bwg-a  bwg_lightbox\"  data-image-id=\"27\" href=\"https:\/\/cabaretburlesque.com\/wp-content\/uploads\/photo-gallery\/imported_from_media_libray\/Photo_Herve_PHOTOGRAFF_230327210921.jpg?bwg=1684085348\" data-elementor-open-lightbox=\"no\">                <div class=\"bwg-item0 \">          <div class=\"bwg-item1 \">            <div class=\"bwg-item2\">              <img decoding=\"async\" class=\"skip-lazy bwg_standart_thumb_img_0 \"                   data-id=\"27\"                   data-width=\"375.00\"                   data-height=\"500.00\"                   data-src=\"https:\/\/cabaretburlesque.com\/wp-content\/uploads\/photo-gallery\/imported_from_media_libray\/thumb\/Photo_Herve_PHOTOGRAFF_230327210921.jpg?bwg=1684085348\"                   src=\"https:\/\/cabaretburlesque.com\/wp-content\/uploads\/photo-gallery\/imported_from_media_libray\/thumb\/Photo_Herve_PHOTOGRAFF_230327210921.jpg?bwg=1684085348\"                   alt=\"10ans du Cabaret Burlesque au Bataclan\"                   title=\"10ans du Cabaret Burlesque au Bataclan\" \/>            <\/div>            <div class=\"\">                                                      <\/div>          <\/div>        <\/div>                        <\/a>              <\/div>            <div class=\"bwg-item\">        <a class=\"bwg-a  bwg_lightbox\"  data-image-id=\"28\" href=\"https:\/\/cabaretburlesque.com\/wp-content\/uploads\/photo-gallery\/imported_from_media_libray\/Photo_Herve_PHOTOGRAFF_230327205528.jpg?bwg=1684085348\" data-elementor-open-lightbox=\"no\">                <div class=\"bwg-item0 \">          <div class=\"bwg-item1 \">            <div class=\"bwg-item2\">              <img decoding=\"async\" class=\"skip-lazy bwg_standart_thumb_img_0 \"                   data-id=\"28\"                   data-width=\"375.00\"                   data-height=\"500.00\"                   data-src=\"https:\/\/cabaretburlesque.com\/wp-content\/uploads\/photo-gallery\/imported_from_media_libray\/thumb\/Photo_Herve_PHOTOGRAFF_230327205528.jpg?bwg=1684085348\"                   src=\"https:\/\/cabaretburlesque.com\/wp-content\/uploads\/photo-gallery\/imported_from_media_libray\/thumb\/Photo_Herve_PHOTOGRAFF_230327205528.jpg?bwg=1684085348\"                   alt=\"10ans du Cabaret Burlesque au Bataclan\"                   title=\"10ans du Cabaret Burlesque au Bataclan\" \/>            <\/div>            <div class=\"\">                                                      <\/div>          <\/div>        <\/div>                        <\/a>              <\/div>            <div class=\"bwg-item\">        <a class=\"bwg-a  bwg_lightbox\"  data-image-id=\"29\" href=\"https:\/\/cabaretburlesque.com\/wp-content\/uploads\/photo-gallery\/imported_from_media_libray\/Photo_Herve_PHOTOGRAFF_230327204346.jpg?bwg=1684085348\" data-elementor-open-lightbox=\"no\">                <div class=\"bwg-item0 \">          <div class=\"bwg-item1 \">            <div class=\"bwg-item2\">              <img decoding=\"async\" class=\"skip-lazy bwg_standart_thumb_img_0 \"                   data-id=\"29\"                   data-width=\"375.00\"                   data-height=\"500.00\"                   data-src=\"https:\/\/cabaretburlesque.com\/wp-content\/uploads\/photo-gallery\/imported_from_media_libray\/thumb\/Photo_Herve_PHOTOGRAFF_230327204346.jpg?bwg=1684085348\"                   src=\"https:\/\/cabaretburlesque.com\/wp-content\/uploads\/photo-gallery\/imported_from_media_libray\/thumb\/Photo_Herve_PHOTOGRAFF_230327204346.jpg?bwg=1684085348\"                   alt=\"10ans du Cabaret Burlesque au Bataclan\"                   title=\"10ans du Cabaret Burlesque au Bataclan\" \/>            <\/div>            <div class=\"\">                                                      <\/div>          <\/div>        <\/div>                        <\/a>              <\/div>            <div class=\"bwg-item\">        <a class=\"bwg-a  bwg_lightbox\"  data-image-id=\"30\" href=\"https:\/\/cabaretburlesque.com\/wp-content\/uploads\/photo-gallery\/imported_from_media_libray\/Photo_Herve_PHOTOGRAFF_230327203635.jpg?bwg=1684085348\" data-elementor-open-lightbox=\"no\">                <div class=\"bwg-item0 \">          <div class=\"bwg-item1 \">            <div class=\"bwg-item2\">              <img decoding=\"async\" class=\"skip-lazy bwg_standart_thumb_img_0 \"                   data-id=\"30\"                   data-width=\"500.00\"                   data-height=\"333.00\"                   data-src=\"https:\/\/cabaretburlesque.com\/wp-content\/uploads\/photo-gallery\/imported_from_media_libray\/thumb\/Photo_Herve_PHOTOGRAFF_230327203635.jpg?bwg=1684085348\"                   src=\"https:\/\/cabaretburlesque.com\/wp-content\/uploads\/photo-gallery\/imported_from_media_libray\/thumb\/Photo_Herve_PHOTOGRAFF_230327203635.jpg?bwg=1684085348\"                   alt=\"10ans du Cabaret Burlesque au Bataclan\"                   title=\"10ans du Cabaret Burlesque au Bataclan\" \/>            <\/div>            <div class=\"\">                                                      <\/div>          <\/div>        <\/div>                        <\/a>              <\/div>          <\/div>    <style>      \/*pagination styles*\/      #bwg_container1_0 #bwg_container2_0 .tablenav-pages_0 {\t\t\t\ttext-align: center;\t\t\t\tfont-size: 12px;\t\t\t\tfont-family: Ubuntu;\t\t\t\tfont-weight: bold;\t\t\t\tcolor: #666666;\t\t\t\tmargin: 6px 0 4px;\t\t\t\tdisplay: block;      }      @media only screen and (max-width : 320px) {      #bwg_container1_0 #bwg_container2_0 .displaying-num_0 {     \t display: none;      }      }      #bwg_container1_0 #bwg_container2_0 .displaying-num_0 {\t\t\t\tfont-size: 12px;\t\t\t\tfont-family: Ubuntu;\t\t\t\tfont-weight: bold;\t\t\t\tcolor: #666666;\t\t\t\tmargin-right: 10px;\t\t\t\tvertical-align: middle;      }      #bwg_container1_0 #bwg_container2_0 .paging-input_0 {\t\t\t\tfont-size: 12px;\t\t\t\tfont-family: Ubuntu;\t\t\t\tfont-weight: bold;\t\t\t\tcolor: #666666;\t\t\t\tvertical-align: middle;      }      #bwg_container1_0 #bwg_container2_0 .tablenav-pages_0 a.disabled,      #bwg_container1_0 #bwg_container2_0 .tablenav-pages_0 a.disabled:hover,      #bwg_container1_0 #bwg_container2_0 .tablenav-pages_0 a.disabled:focus,\t\t\t#bwg_container1_0 #bwg_container2_0 .tablenav-pages_0 input.bwg_current_page {\t\t\t\tcursor: default;\t\t\t\tcolor: rgba(102, 102, 102, 0.5);      }      #bwg_container1_0 #bwg_container2_0 .tablenav-pages_0 a,      #bwg_container1_0 #bwg_container2_0 .tablenav-pages_0 input.bwg_current_page {\t\t\t\tcursor: pointer;\t\t\t\ttext-align: center;\t\t\t\tfont-size: 12px;\t\t\t\tfont-family: Ubuntu;\t\t\t\tfont-weight: bold;\t\t\t\tcolor: #666666;\t\t\t\ttext-decoration: none;\t\t\t\tpadding: 3px 6px;\t\t\t\tmargin: 0;\t\t\t\tborder-radius: 0;\t\t\t\tborder-style: solid;\t\t\t\tborder-width: 1px;\t\t\t\tborder-color: #E3E3E3;\t\t\t\t\t\t\t\tbackground-color: rgba(255, 255, 255, 1.00);\t\t\t\tbox-shadow: 0;\t\t\t\ttransition: all 0.3s ease 0s;-webkit-transition: all 0.3s ease 0s;      }      <\/style>      <span class=\"bwg_nav_cont_0\">              <div class=\"tablenav-pages_0\">                      <span class=\"pagination-links_0 pagination-links\" data-pages-count=\"2\">              <span class=\"pagination-links_col1\">              <a class=\"bwg-a first-page disabled\" title=\"Go to the first page\" >\u00ab<\/a>              <a class=\"bwg-a prev-page disabled\" title=\"Go to the previous page\" >\u2039<\/a>              <\/span>\t\t\t\t\t\t\t<span class=\"pagination-links_col2\">\t\t\t\t\t\t\t\t\t<input type=\"number\" class=\"bwg_current_page\" name=\"bwg_current_page\" value=\"1\" data-url-info=\"page_number_0\" onkeypress=\"return bwg_change_page_0(event, this)\" min=\"1\" oninput=\"validity.valid||(value='')\" \/>\t\t\t\t\t\t\t\t\t\tof\t\t\t\t\t\t\t\t\t\t<span class=\"total-pages_0\">\t\t\t\t\t\t\t\t\t\t\t2\t\t\t\t\t\t\t\t\t\t<\/span>\t\t\t\t\t\t\t<\/span>              <span class=\"pagination-links_col3\">                <a class=\"bwg-a next-page-0\" title=\"Go to the next page\" href=\"\/index.php\/wp-json\/wp\/v2\/posts\/2541?page_number_0=2\">\u203a<\/a>                <a class=\"bwg-a last-page-0\" title=\"Go to the last page\" href=\"\/index.php\/wp-json\/wp\/v2\/posts\/2541?page_number_0=2\">\u00bb<\/a>              <\/span>\t\t\t\t\t\t<\/span>\t\t\t\t\t\t        <\/div>                <input type=\"hidden\" id=\"page_number_0\" name=\"page_number_0\" value=\"1\" \/>      <script type=\"text\/javascript\">        if( jQuery('.bwg_nav_cont_0').length > 1 ) {          jQuery('.bwg_nav_cont_0').first().remove()        }        function spider_page_0(cur, x, y, load_more) {          if (typeof load_more == \"undefined\") {            var load_more = false;          }          if (jQuery(cur).hasClass('disabled')) {            return false;          }          var items_county_0 = 2;          switch (y) {            case 1:              if (x >= items_county_0) {                document.getElementById('page_number_0').value = items_county_0;              }              else {                document.getElementById('page_number_0').value = x + 1;              }              break;            case 2:              document.getElementById('page_number_0').value = items_county_0;              break;            case -1:              if (x == 1) {                document.getElementById('page_number_0').value = 1;              }              else {                document.getElementById('page_number_0').value = x - 1;              }              break;            case -2:              document.getElementById('page_number_0').value = 1;              break;\t\t\t\t\t\tcase 0:              document.getElementById('page_number_0').value = x;              break;            default:              document.getElementById('page_number_0').value = 1;          }          bwg_ajax('gal_front_form_0', '0', 'bwg_thumbnails_0', '0', '', 'gallery', 0, '', '', load_more, '', 1);        }                    jQuery('.first-page disabled').on('click', function () {              spider_page_0(this, 1, -2, 'numeric');              return false;            });            jQuery('.prev-page disabled').on('click', function () {              spider_page_0(this, 1, -1, 'numeric');              return false;            });            jQuery('.next-page-0').on('click', function () {              spider_page_0(this, 1, 1, 'numeric');              return false;            });            jQuery('.last-page-0').on('click', function () {              spider_page_0(this, 1, 2, 'numeric');              return false;            });        \t\t\t\t\/* Change page on input enter. *\/        function bwg_change_page_0( e, that ) {          if (  e.key == 'Enter' ) {            var to_page = parseInt(jQuery(that).val());            var pages_count = jQuery(that).parents(\".pagination-links\").data(\"pages-count\");            var current_url_param = jQuery(that).attr('data-url-info');            if (to_page > pages_count) {              to_page = 1;            }\t \t\t\t\t\t\t\t\t\t\t\t\tspider_page_0(this, to_page, 0, 'numeric');\t\t\t\t\t\t\treturn false;\t\t\t\t\t\t          }          return true;        }        jQuery('.bwg_load_btn_0').on('click', function () {            spider_page_0(this, 1, 1, true);            return false;        });      <\/script>      <\/span>                <\/div>        <\/form>        <style>          #bwg_container1_0 #bwg_container2_0 #spider_popup_overlay_0 {          background-color: #EEEEEE;          opacity: 0.60;          }          <\/style>        <div id=\"bwg_spider_popup_loading_0\" class=\"bwg_spider_popup_loading\"><\/div>        <div id=\"spider_popup_overlay_0\" class=\"spider_popup_overlay\" onclick=\"spider_destroypopup(1000)\"><\/div>        <input type=\"hidden\" id=\"bwg_random_seed_0\" value=\"840726652\">                <\/div>    <\/div>    <script>      if (document.readyState === 'complete') {        if( typeof bwg_main_ready == 'function' ) {          if ( jQuery(\"#bwg_container1_0\").height() ) {            bwg_main_ready(jQuery(\"#bwg_container1_0\"));          }        }      } else {        document.addEventListener('DOMContentLoaded', function() {          if( typeof bwg_main_ready == 'function' ) {            if ( jQuery(\"#bwg_container1_0\").height() ) {             bwg_main_ready(jQuery(\"#bwg_container1_0\"));            }          }        });      }    <\/script>    \n","protected":false},"excerpt":{"rendered":"<p>&#8230;<\/p>\n","protected":false},"author":1,"featured_media":2546,"comment_status":"closed","ping_status":"open","sticky":false,"template":"","format":"standard","meta":{"inline_featured_image":false,"footnotes":""},"categories":[1],"tags":[],"class_list":["post-2541","post","type-post","status-publish","format-standard","has-post-thumbnail","hentry","category-non-classe"],"aioseo_notices":[],"_links":{"self":[{"href":"https:\/\/cabaretburlesque.com\/index.php\/wp-json\/wp\/v2\/posts\/2541","targetHints":{"allow":["GET"]}}],"collection":[{"href":"https:\/\/cabaretburlesque.com\/index.php\/wp-json\/wp\/v2\/posts"}],"about":[{"href":"https:\/\/cabaretburlesque.com\/index.php\/wp-json\/wp\/v2\/types\/post"}],"author":[{"embeddable":true,"href":"https:\/\/cabaretburlesque.com\/index.php\/wp-json\/wp\/v2\/users\/1"}],"replies":[{"embeddable":true,"href":"https:\/\/cabaretburlesque.com\/index.php\/wp-json\/wp\/v2\/comments?post=2541"}],"version-history":[{"count":17,"href":"https:\/\/cabaretburlesque.com\/index.php\/wp-json\/wp\/v2\/posts\/2541\/revisions"}],"predecessor-version":[{"id":2691,"href":"https:\/\/cabaretburlesque.com\/index.php\/wp-json\/wp\/v2\/posts\/2541\/revisions\/2691"}],"wp:featuredmedia":[{"embeddable":true,"href":"https:\/\/cabaretburlesque.com\/index.php\/wp-json\/wp\/v2\/media\/2546"}],"wp:attachment":[{"href":"https:\/\/cabaretburlesque.com\/index.php\/wp-json\/wp\/v2\/media?parent=2541"}],"wp:term":[{"taxonomy":"category","embeddable":true,"href":"https:\/\/cabaretburlesque.com\/index.php\/wp-json\/wp\/v2\/categories?post=2541"},{"taxonomy":"post_tag","embeddable":true,"href":"https:\/\/cabaretburlesque.com\/index.php\/wp-json\/wp\/v2\/tags?post=2541"}],"curies":[{"name":"wp","href":"https:\/\/api.w.org\/{rel}","templated":true}]}}